{"id":17454,"date":"2023-08-24T16:37:55","date_gmt":"2023-08-24T14:37:55","guid":{"rendered":"https:\/\/cantieredelpardo.com\/?p=17454"},"modified":"2023-08-28T13:01:19","modified_gmt":"2023-08-28T11:01:19","slug":"cantiere-del-pardo-al-cannes-yachting-festival-2023","status":"publish","type":"post","link":"https:\/\/cantieredelpardo.com\/it\/2023\/08\/24\/cantiere-del-pardo-al-cannes-yachting-festival-2023\/","title":{"rendered":"CANTIERE DEL PARDO AL CANNES YACHTING FESTIVAL 2023"},"content":{"rendered":"\n<div class=\"is-layout-flow wp-block-group\"><div class=\"wp-block-group__inner-container\">\n<div class=\"wp-block-cover alignfull is-light has-parallax hide-on-mobile thor-hidden-sm thor-hidden-md\" style=\"min-height:100vh\"><span aria-hidden=\"true\" class=\"wp-block-cover__background has-black-background-color has-background-dim-0 has-background-dim\"><\/span><div role=\"img\" class=\"wp-block-cover__image-background wp-image-17457 has-parallax\" style=\"background-position:50% 50%;background-image:url(https:\/\/cantieredelpardo.com\/app\/uploads\/2023\/08\/NEWS-CDP-CANNES_dsk-1.jpg)\"><\/div><div class=\"wp-block-cover__inner-container\">\n<h1 class=\"has-text-align-center is-style-font-family-special has-white-color has-text-color\" style=\"font-size:64px;line-height:1\">CANNES YACHTING FESTIVAL<\/h1>\n<\/div><\/div>\n\n\n\n<div class=\"wp-block-cover alignfull is-light has-parallax hide-on-mobile thor-hidden-lg thor-hidden-xl\" style=\"min-height:100vh\"><span aria-hidden=\"true\" class=\"wp-block-cover__background has-background-dim-0 has-background-dim\"><\/span><div role=\"img\" class=\"wp-block-cover__image-background wp-image-17460 has-parallax\" style=\"background-position:50% 50%;background-image:url(https:\/\/cantieredelpardo.com\/app\/uploads\/2023\/08\/NEWS-CDP-CANNES_mbl.jpg)\"><\/div><div class=\"wp-block-cover__inner-container\">\n<h1 class=\"has-text-align-center is-style-font-family-special has-white-color has-text-color\" style=\"font-size:40px;line-height:1\">CANNES YACHTING FESTIVAL<\/h1>\n<\/div><\/div>\n<\/div><\/div>\n\n\n\n<div class=\"is-vertical is-content-justification-center is-layout-flex wp-container-4 wp-block-group alignfull has-white-color has-text-color\" style=\"padding-top:0px;padding-right:0px;padding-bottom:0px;padding-left:0px\">\n<div class=\"is-layout-flow wp-block-group thor-maxwidth-ml thor-maxwidth-ml\"><div class=\"wp-block-group__inner-container\">\n<div style=\"height:100px\" aria-hidden=\"true\" class=\"wp-block-spacer\"><\/div>\n\n\n\n<h1 class=\"has-text-align-center is-style-font-family-display has-black-color has-text-color has-3-xl-font-size\">Cantiere del Pardo al Cannes Yachting Festival 2023<\/h1>\n\n\n\n<div style=\"height:50px\" aria-hidden=\"true\" class=\"wp-block-spacer\"><\/div>\n\n\n\n<div class=\"is-layout-flow wp-block-group thor-maxwidth-md ml thor-maxwidth-md\"><div class=\"wp-block-group__inner-container\">\n<p class=\"has-text-align-center is-style-font-family-sans has-black-color has-text-color\">Preparatevi a vivere un&#8217;esperienza straordinaria nel sud della Francia! Grand Soleil Yachts, VanDutch Yachts e Pardo Yachts si stanno preparando allo straordinario Cannes Yachting Festival, che si terr\u00e0 dal 12 al 17 settembre. Durante questo evento, i partecipanti avranno la possibilit\u00e0 esclusiva di assistere alla grande premi\u00e8re mondiale dei Grand Soleil 65 LC e 72 LC, due nuovi incredibili modelli. Saranno esposti anche i Grand Soleil 40, 44 e GS 52 LC. VanDutch Yachts e Pardo Yachts presenteranno i loro yacht a motore; saranno esposti i modelli VanDutch 40, 48 e 56, e i modelli Pardo 38, 43, 50, Pardo GT52 e Endurance 60.<\/p>\n\n\n\n<p class=\"has-text-align-center is-style-font-family-sans has-black-color has-text-color\">Non perdete l&#8217;occasione di vedere la nostra flotta insieme in una cornice cos\u00ec splendida! Incontrate la famiglia Cantiere del Pardo: VanDutch Yachts sar\u00e0 presente allo stand QSP 155, Pardo Yachts allo stand QSP 160 e le nostre barche a vela, Grand Soleil Yachts, saranno presentate a Port Canto &#8211; Sail 190.<\/p>\n\n\n\n<p class=\"\"><\/p>\n\n\n\n<p class=\"\"><\/p>\n<\/div><\/div>\n\n\n\n<div style=\"height:100px\" aria-hidden=\"true\" class=\"wp-block-spacer\"><\/div>\n<\/div><\/div>\n<\/div>\n","protected":false},"excerpt":{"rendered":"<p>Venite a trovarci dal 12 al 17 settembre.<\/p>\n","protected":false},"author":2,"featured_media":17450,"comment_status":"open","ping_status":"open","sticky":false,"template":"","format":"standard","meta":{"inline_featured_image":false,"_expiration-date-status":"","_expiration-date":1661784469,"_expiration-date-type":"draft","_expiration-date-categories":[],"_expiration-date-options":[]},"categories":[82],"tags":[],"acf":[],"_links":{"self":[{"href":"https:\/\/cantieredelpardo.com\/it\/wp-json\/wp\/v2\/posts\/17454"}],"collection":[{"href":"https:\/\/cantieredelpardo.com\/it\/wp-json\/wp\/v2\/posts"}],"about":[{"href":"https:\/\/cantieredelpardo.com\/it\/wp-json\/wp\/v2\/types\/post"}],"author":[{"embeddable":true,"href":"https:\/\/cantieredelpardo.com\/it\/wp-json\/wp\/v2\/users\/2"}],"replies":[{"embeddable":true,"href":"https:\/\/cantieredelpardo.com\/it\/wp-json\/wp\/v2\/comments?post=17454"}],"version-history":[{"count":8,"href":"https:\/\/cantieredelpardo.com\/it\/wp-json\/wp\/v2\/posts\/17454\/revisions"}],"predecessor-version":[{"id":17997,"href":"https:\/\/cantieredelpardo.com\/it\/wp-json\/wp\/v2\/posts\/17454\/revisions\/17997"}],"wp:featuredmedia":[{"embeddable":true,"href":"https:\/\/cantieredelpardo.com\/it\/wp-json\/wp\/v2\/media\/17450"}],"wp:attachment":[{"href":"https:\/\/cantieredelpardo.com\/it\/wp-json\/wp\/v2\/media?parent=17454"}],"wp:term":[{"taxonomy":"category","embeddable":true,"href":"https:\/\/cantieredelpardo.com\/it\/wp-json\/wp\/v2\/categories?post=17454"},{"taxonomy":"post_tag","embeddable":true,"href":"https:\/\/cantieredelpardo.com\/it\/wp-json\/wp\/v2\/tags?post=17454"}],"curies":[{"name":"wp","href":"https:\/\/api.w.org\/{rel}","templated":true}]}}