{"id":17438,"date":"2023-08-24T16:10:47","date_gmt":"2023-08-24T14:10:47","guid":{"rendered":"https:\/\/cantieredelpardo.com\/?p=17438"},"modified":"2023-08-24T19:44:53","modified_gmt":"2023-08-24T17:44:53","slug":"cantiere-del-pardo-al-salone-nautico-di-genova-2023","status":"publish","type":"post","link":"https:\/\/cantieredelpardo.com\/it\/2023\/08\/24\/cantiere-del-pardo-al-salone-nautico-di-genova-2023\/","title":{"rendered":"CANTIERE DEL PARDO AL SALONE NAUTICO DI GENOVA 2023!"},"content":{"rendered":"\n<div class=\"is-layout-flow wp-block-group\"><div class=\"wp-block-group__inner-container\">\n<div class=\"wp-block-cover alignfull is-light has-parallax hide-on-mobile thor-hidden-sm thor-hidden-md\" style=\"min-height:100vh\"><span aria-hidden=\"true\" class=\"wp-block-cover__background has-black-background-color has-background-dim-0 has-background-dim\"><\/span><div role=\"img\" class=\"wp-block-cover__image-background wp-image-17444 has-parallax\" style=\"background-position:50% 50%;background-image:url(https:\/\/cantieredelpardo.com\/app\/uploads\/2023\/08\/NEWS-CDP-GENOA_dsk.jpg)\"><\/div><div class=\"wp-block-cover__inner-container\">\n<h1 class=\"has-text-align-center is-style-font-family-special has-white-color has-text-color\" style=\"font-size:64px;line-height:1\">SALONE NAUTICO DI GENOVA<\/h1>\n<\/div><\/div>\n\n\n\n<div class=\"wp-block-cover alignfull is-light has-parallax hide-on-mobile thor-hidden-lg thor-hidden-xl\" style=\"min-height:100vh\"><span aria-hidden=\"true\" class=\"wp-block-cover__background has-background-dim-0 has-background-dim\"><\/span><div role=\"img\" class=\"wp-block-cover__image-background wp-image-17441 has-parallax\" style=\"background-position:50% 50%;background-image:url(https:\/\/cantieredelpardo.com\/app\/uploads\/2023\/08\/NEWS-CDP-GENOA_mbl.jpg)\"><\/div><div class=\"wp-block-cover__inner-container\">\n<h1 class=\"has-text-align-center is-style-font-family-special has-white-color has-text-color\" style=\"font-size:40px;line-height:1\">SALONE NAUTICO DI GENOVA<\/h1>\n<\/div><\/div>\n<\/div><\/div>\n\n\n\n<div class=\"is-vertical is-content-justification-center is-layout-flex wp-container-4 wp-block-group alignfull has-white-color has-text-color\" style=\"padding-top:0px;padding-right:0px;padding-bottom:0px;padding-left:0px\">\n<div class=\"is-layout-flow wp-block-group thor-maxwidth-ml thor-maxwidth-ml\"><div class=\"wp-block-group__inner-container\">\n<div style=\"height:100px\" aria-hidden=\"true\" class=\"wp-block-spacer\"><\/div>\n\n\n\n<h1 class=\"has-text-align-center is-style-font-family-display has-black-color has-text-color has-3-xl-font-size\">Cantiere del Pardo al Salone Nautico di Genova 2023!<\/h1>\n\n\n\n<div style=\"height:50px\" aria-hidden=\"true\" class=\"wp-block-spacer\"><\/div>\n\n\n\n<div class=\"is-layout-flow wp-block-group thor-maxwidth-md ml thor-maxwidth-md\"><div class=\"wp-block-group__inner-container\">\n<p class=\"has-text-align-center is-style-font-family-sans has-black-color has-text-color\">Grand Soleil Yachts, VanDutch Yachts e Pardo Yachts si stanno preparando per lo straordinario Salone Nautico Internazionale di Genova, in programma dal 21 al 26 settembre. Durante l\u2019evento, i partecipanti avranno la possibilit\u00e0 di assistere in esclusiva alla premi\u00e8re italiana di due nuove barche a vela Grand Soleil: il GS 65 LC e il GS 72 LC. Oltre alle due novit\u00e0, saranno esposti anche i Grand Soleil 40, 44, 48 e i modelli GS 42 LC e GS 52 LC. VanDutch Yachts presenter\u00e0 la sua intera flotta con i modelli VanDutch 32, 40, 48 e 56, mentre Pardo Yachts porter\u00e0 in mostra i modelli Pardo 38, 43, 50, Pardo GT52 e Endurance 60. Non perdete l&#8217;occasione di vivere Cantiere del Pardo in una location cos\u00ec unica! Venite a trovarci allo stand C47, vi aspettiamo.<\/p>\n<\/div><\/div>\n\n\n\n<div style=\"height:100px\" aria-hidden=\"true\" class=\"wp-block-spacer\"><\/div>\n<\/div><\/div>\n<\/div>\n","protected":false},"excerpt":{"rendered":"<p>Vi aspettiamo a Genova dal 21 al 26 settembre<\/p>\n","protected":false},"author":2,"featured_media":17447,"comment_status":"open","ping_status":"open","sticky":false,"template":"","format":"standard","meta":{"inline_featured_image":false,"_expiration-date-status":"","_expiration-date":1661784469,"_expiration-date-type":"draft","_expiration-date-categories":[],"_expiration-date-options":[]},"categories":[82],"tags":[],"acf":[],"_links":{"self":[{"href":"https:\/\/cantieredelpardo.com\/it\/wp-json\/wp\/v2\/posts\/17438"}],"collection":[{"href":"https:\/\/cantieredelpardo.com\/it\/wp-json\/wp\/v2\/posts"}],"about":[{"href":"https:\/\/cantieredelpardo.com\/it\/wp-json\/wp\/v2\/types\/post"}],"author":[{"embeddable":true,"href":"https:\/\/cantieredelpardo.com\/it\/wp-json\/wp\/v2\/users\/2"}],"replies":[{"embeddable":true,"href":"https:\/\/cantieredelpardo.com\/it\/wp-json\/wp\/v2\/comments?post=17438"}],"version-history":[{"count":3,"href":"https:\/\/cantieredelpardo.com\/it\/wp-json\/wp\/v2\/posts\/17438\/revisions"}],"predecessor-version":[{"id":17473,"href":"https:\/\/cantieredelpardo.com\/it\/wp-json\/wp\/v2\/posts\/17438\/revisions\/17473"}],"wp:featuredmedia":[{"embeddable":true,"href":"https:\/\/cantieredelpardo.com\/it\/wp-json\/wp\/v2\/media\/17447"}],"wp:attachment":[{"href":"https:\/\/cantieredelpardo.com\/it\/wp-json\/wp\/v2\/media?parent=17438"}],"wp:term":[{"taxonomy":"category","embeddable":true,"href":"https:\/\/cantieredelpardo.com\/it\/wp-json\/wp\/v2\/categories?post=17438"},{"taxonomy":"post_tag","embeddable":true,"href":"https:\/\/cantieredelpardo.com\/it\/wp-json\/wp\/v2\/tags?post=17438"}],"curies":[{"name":"wp","href":"https:\/\/api.w.org\/{rel}","templated":true}]}}